{"id":2650,"date":"2020-06-28T12:22:00","date_gmt":"2020-06-28T10:22:00","guid":{"rendered":"http:\/\/www.WundernTuete.de\/?p=2650"},"modified":"2020-06-28T22:32:17","modified_gmt":"2020-06-28T20:32:17","slug":"kuess-den-frosch","status":"publish","type":"post","link":"https:\/\/www.WundernTuete.de\/kuess-den-frosch\/","title":{"rendered":"K\u00fcss&#8216; den Frosch!"},"content":{"rendered":"\n<p><\/p>\n\n\n\n<div class=\"wp-block-image\"><figure class=\"alignright size-large is-resized\"><img loading=\"lazy\" decoding=\"async\" src=\"https:\/\/www.WundernTuete.de\/wp-content\/uploads\/Froschk\u00f6nigbrunnen-scaled-e1591524507429-1024x840.jpg\" alt=\"\" class=\"wp-image-2660\" width=\"257\" height=\"210\" srcset=\"https:\/\/www.WundernTuete.de\/wp-content\/uploads\/Froschk\u00f6nigbrunnen-scaled-e1591524507429-1024x840.jpg 1024w, https:\/\/www.WundernTuete.de\/wp-content\/uploads\/Froschk\u00f6nigbrunnen-scaled-e1591524507429-300x246.jpg 300w, https:\/\/www.WundernTuete.de\/wp-content\/uploads\/Froschk\u00f6nigbrunnen-scaled-e1591524507429-768x630.jpg 768w, https:\/\/www.WundernTuete.de\/wp-content\/uploads\/Froschk\u00f6nigbrunnen-scaled-e1591524507429-1536x1260.jpg 1536w, https:\/\/www.WundernTuete.de\/wp-content\/uploads\/Froschk\u00f6nigbrunnen-scaled-e1591524507429-562x461.jpg 562w, https:\/\/www.WundernTuete.de\/wp-content\/uploads\/Froschk\u00f6nigbrunnen-scaled-e1591524507429-788x646.jpg 788w, https:\/\/www.WundernTuete.de\/wp-content\/uploads\/Froschk\u00f6nigbrunnen-scaled-e1591524507429.jpg 1708w\" sizes=\"auto, (max-width: 257px) 100vw, 257px\" \/><\/figure><\/div>\n\n\n\n<p>Das erste, was ich beim Betreten des Schulhofs sah, war der Frosch mit der Wanne vor dem Bauch.  Dass das ein Brunnen sein sollte, habe ich erst viel sp\u00e4ter erfahren. Brunnen kannte ich nur von Frau Holle. In die konnte man reinfallen. In diesen Froschk\u00f6nig nicht.&nbsp;Also traute ich mich, vorsichtig hinaufzuklettern. Ob der Frosch verwunschen ist, fragte ich mich und gab ihm instinktiv einen Kuss.&nbsp;<\/p>\n\n\n\n<p>Ein zauberhaftes Wesen hob mich herunter. Es hatte Haut so wei\u00df wie Schnee, Lippen rot wie Blut&nbsp;&nbsp;und Haare schwarz wie Ebenholz. WOW! Der reinste M\u00e4rchenhof hier.&nbsp;<\/p>\n\n\n\n<div class=\"wp-block-image\"><figure class=\"alignleft size-large is-resized\"><img loading=\"lazy\" decoding=\"async\" src=\"https:\/\/www.WundernTuete.de\/wp-content\/uploads\/Fr\u00e4ulein-J\u00e4nsch-768x1024.jpeg\" alt=\"\" class=\"wp-image-2653\" width=\"192\" height=\"255\" srcset=\"https:\/\/www.WundernTuete.de\/wp-content\/uploads\/Fr\u00e4ulein-J\u00e4nsch-768x1024.jpeg 768w, https:\/\/www.WundernTuete.de\/wp-content\/uploads\/Fr\u00e4ulein-J\u00e4nsch-225x300.jpeg 225w, https:\/\/www.WundernTuete.de\/wp-content\/uploads\/Fr\u00e4ulein-J\u00e4nsch-1152x1536.jpeg 1152w, https:\/\/www.WundernTuete.de\/wp-content\/uploads\/Fr\u00e4ulein-J\u00e4nsch-1536x2048.jpeg 1536w, https:\/\/www.WundernTuete.de\/wp-content\/uploads\/Fr\u00e4ulein-J\u00e4nsch-749x999.jpeg 749w, https:\/\/www.WundernTuete.de\/wp-content\/uploads\/Fr\u00e4ulein-J\u00e4nsch-scaled.jpeg 1920w\" sizes=\"auto, (max-width: 192px) 100vw, 192px\" \/><\/figure><\/div>\n\n\n\n<p>Schneewittchen entpuppte sich als Fr\u00e4ulein J\u00e4nsch, die Klassenlehrerin. Sie war wunderh\u00fcbsch, sprach melodisch und rollte dabei das R so sch\u00f6n. Sie brachte uns Lesen und Schreiben bei.&nbsp;<\/p>\n\n\n\n<div class=\"wp-block-image\"><figure class=\"aligncenter size-large is-resized\"><img loading=\"lazy\" decoding=\"async\" src=\"https:\/\/www.WundernTuete.de\/wp-content\/uploads\/image.png\" alt=\"\" class=\"wp-image-2666\" width=\"133\" height=\"29\"\/><\/figure><\/div>\n\n\n\n<p>Ohne R, aber mit kleinem i \u2013 rauf, runter, rauf, P\u00fcnktchen drauf.&nbsp;<\/p>\n\n\n\n<p>Doch kaum war der Punkt gesetzt, ist Fr\u00e4ulein J\u00e4nsch auch schon wieder verwunschen \u2013 Verzeihung: verschwunden. Weggek\u00fcsst von einem anderen. Schwanger. So gemein.&nbsp;<\/p>\n\n\n\n<p>Und wenn auch in der Folge Frau Bergmann ebenfalls sehr nett war, der M\u00e4rchenzauber war verflogen. <\/p>\n\n\n\n<p><\/p>\n\n\n\n<p><\/p>\n\n\n\n<p><\/p>\n\n\n\n<p><\/p>\n\n\n\n<p><em>So k\u00f6nnten sie beginnen, meine Memoiren als Sch\u00fcler. Eines mittelm\u00e4\u00dfigenSch\u00fclers, wenn ich kokettieren wollte. Aber die \u201eMemoiren eines mittelm\u00e4\u00dfigen Sch\u00fclers\u201c gibt es schon als Buch von Alexander Spoerl. <\/em><\/p>\n\n\n\n<div class=\"wp-block-image\"><figure class=\"alignright size-large is-resized\"><img loading=\"lazy\" decoding=\"async\" src=\"https:\/\/www.WundernTuete.de\/wp-content\/uploads\/Spoerl_Memoiren-1-768x1024.jpeg\" alt=\"\" class=\"wp-image-2659\" width=\"203\" height=\"271\" srcset=\"https:\/\/www.WundernTuete.de\/wp-content\/uploads\/Spoerl_Memoiren-1-768x1024.jpeg 768w, https:\/\/www.WundernTuete.de\/wp-content\/uploads\/Spoerl_Memoiren-1-225x300.jpeg 225w, https:\/\/www.WundernTuete.de\/wp-content\/uploads\/Spoerl_Memoiren-1-1152x1536.jpeg 1152w, https:\/\/www.WundernTuete.de\/wp-content\/uploads\/Spoerl_Memoiren-1-1536x2048.jpeg 1536w, https:\/\/www.WundernTuete.de\/wp-content\/uploads\/Spoerl_Memoiren-1-749x999.jpeg 749w, https:\/\/www.WundernTuete.de\/wp-content\/uploads\/Spoerl_Memoiren-1-scaled.jpeg 1920w\" sizes=\"auto, (max-width: 203px) 100vw, 203px\" \/><\/figure><\/div>\n\n\n\n<p><em>Spoerls \u201eMemoiren\u201c spielen zu gro\u00dfen Teilen ebenfalls in dieser Stadt. Vielleicht ist das der Grund, warum ich bei der Lekt\u00fcre immer diese, meine alte Grundschule vor Augen habe. Zeitlich liegt die Handlung allerdings vor dem Zweiten Weltkrieg.&nbsp;<\/em><\/p>\n\n\n\n<p><em>Das Buch erschien bereits 1950, wurde mehrfach wieder aufgelegt und ist noch in Antiquariaten zu finden. Es beschreibt mit bemerkenswerter Leichtigkeit die eigene Art des Widerstands des Sch\u00fclers Jakob van Tast in d\u00fcsterster Zeit. Dringende Leseempfehlung.<\/em><\/p>\n\n\n\n<blockquote class=\"wp-block-quote is-layout-flow wp-block-quote-is-layout-flow\"><p><em>Eines Abends gab es wieder Erbsensuppe. Vati sagte: \u00bbI\u00df die Erbsensuppe. Vielleicht kommt Hitler dran, dann gibt es Krieg, und du wirst noch einmal froh um eine Erbsensuppe sein.\u00ab Denn ich mochte keine Erbsensuppe. Und deshalb mochte ich auch den Hitler nicht. In diesem Augenblick drang durch die Fenster Paukenschlag und Marschmusik und zog vorbei. Stiefel hallten \u00fcber das Pflaster, und die Stiefel nahmen kein Ende, und heisere Kehlen schrien: \u00bbDeutschland erwache!\u00ab Es war aber schon zu sp\u00e4t, denn Hitler war schon an der Macht.&nbsp;<\/em><\/p><p><em>Ich war zur Haust\u00fcr gelaufen und sah die vor\u00fcberziehenden Fackeln. Ich hatte nie Angst vor einem Menschen gehabt, auch nicht vor Vati, Lehrer oder Schutzmann. Denn mit ihnen lie\u00df sich reden, und notfalls konnte man sie auch beschwindeln. Aber an mir vorbei bewegte sich eine Masse im gleichen Schritt und in gleicher Richtung und sah nicht danach aus, da\u00df man mit ihr reden k\u00f6nnte; sie w\u00fcrden einen gar nicht h\u00f6ren, weil sie alle schrien, sie w\u00fcrden weitermarschieren, weil es befohlen ist, und unerbittlich singen&#8230;<\/em><\/p><cite><em>Auszug aus&nbsp;\u201e<\/em>Memoiren eines mittelm\u00e4\u00dfigen Sch\u00fclers<em>\u201c<\/em><\/cite><\/blockquote>\n\n\n\n<figure class=\"wp-block-audio\"><audio controls src=\"https:\/\/www.WundernTuete.de\/wp-content\/uploads\/K\u00fcss-den-Frosch.mp3\"><\/audio><figcaption>Text zum Lauschen<\/figcaption><\/figure>\n\n\n\n<p>Weiterf\u00fchrende Links:<\/p>\n\n\n\n<div class=\"wp-block-group\"><div class=\"wp-block-group__inner-container is-layout-flow wp-block-group-is-layout-flow\">\n<div class=\"wp-block-image\"><figure class=\"alignright size-large is-resized\"><img loading=\"lazy\" decoding=\"async\" src=\"https:\/\/www.WundernTuete.de\/wp-content\/uploads\/PaulKleeSchule.png\" alt=\"\" class=\"wp-image-2655\" width=\"166\" height=\"169\" srcset=\"https:\/\/www.WundernTuete.de\/wp-content\/uploads\/PaulKleeSchule.png 340w, https:\/\/www.WundernTuete.de\/wp-content\/uploads\/PaulKleeSchule-293x300.png 293w\" sizes=\"auto, (max-width: 166px) 100vw, 166px\" \/><\/figure><\/div>\n<\/div><\/div>\n\n\n\n<p><a href=\"http:\/\/www.grundschule-paul-klee.de\/historie\/\">Paul-Klee-Schule und Froschk\u00f6nigbrunnen<\/a>:<\/p>\n\n\n\n<p><\/p>\n\n\n\n<p><\/p>\n\n\n\n<p><\/p>\n\n\n\n<p><\/p>\n\n\n\n<p><\/p>\n\n\n\n<p><\/p>\n\n\n\n<p><\/p>\n\n\n\n<p><\/p>\n\n\n\n<p><\/p>\n\n\n\n<p><a href=\"https:\/\/de.wikipedia.org\/wiki\/Alexander_Spoerl\">Alexander Spoerl<\/a>&nbsp;\/&nbsp;<a href=\"https:\/\/de.wikipedia.org\/wiki\/Memoiren_eines_mittelm%C3%A4%C3%9Figen_Sch%C3%BClers\">Memoiren eines mittelm\u00e4\u00dfigen Sch\u00fclers<\/a><\/p>\n\n\n\n<div class=\"wp-block-image\"><figure class=\"alignright is-resized\"><img loading=\"lazy\" decoding=\"async\" src=\"https:\/\/www.WundernTuete.de\/wp-content\/uploads\/Memoiren.png\" alt=\"Dieses Bild hat ein leeres Alt-Attribut. Der Dateiname ist Memoiren.png\" width=\"171\" height=\"175\"\/><\/figure><\/div>\n\n\n\n<div class=\"wp-block-group\"><div class=\"wp-block-group__inner-container is-layout-flow wp-block-group-is-layout-flow\">\n<div class=\"wp-block-group\"><div class=\"wp-block-group__inner-container is-layout-flow wp-block-group-is-layout-flow\">\n<div class=\"wp-block-group\"><div class=\"wp-block-group__inner-container is-layout-flow wp-block-group-is-layout-flow\">\n<figure class=\"wp-block-image size-large is-resized\"><img loading=\"lazy\" decoding=\"async\" src=\"https:\/\/www.WundernTuete.de\/wp-content\/uploads\/ASpoerl.png\" alt=\"\" class=\"wp-image-2656\" width=\"179\" height=\"183\" srcset=\"https:\/\/www.WundernTuete.de\/wp-content\/uploads\/ASpoerl.png 340w, https:\/\/www.WundernTuete.de\/wp-content\/uploads\/ASpoerl-293x300.png 293w\" sizes=\"auto, (max-width: 179px) 100vw, 179px\" \/><\/figure>\n<\/div><\/div>\n<\/div><\/div>\n<\/div><\/div>\n\n\n\n<p><\/p>\n","protected":false},"excerpt":{"rendered":"<p>Das erste, was ich beim Betreten des Schulhofs sah, war der Frosch mit der Wanne vor dem Bauch. Dass das ein Brunnen sein sollte, habe ich erst viel sp\u00e4ter erfahren. Brunnen kannte ich nur von Frau Holle. In die konnte man reinfallen. In diesen Froschk\u00f6nig nicht.&nbsp;Also traute ich mich, vorsichtig hinaufzuklettern. Ob der Frosch verwunschen [&hellip;]<\/p>\n","protected":false},"author":3,"featured_media":2660,"comment_status":"open","ping_status":"open","sticky":false,"template":"","format":"standard","meta":{"ngg_post_thumbnail":0,"_jetpack_memberships_contains_paid_content":false,"footnotes":""},"categories":[1],"tags":[],"class_list":["post-2650","post","type-post","status-publish","format-standard","has-post-thumbnail","hentry","category-allgemein"],"jetpack_featured_media_url":"https:\/\/www.WundernTuete.de\/wp-content\/uploads\/Froschk\u00f6nigbrunnen-scaled-e1591524507429.jpg","jetpack_sharing_enabled":true,"_links":{"self":[{"href":"https:\/\/www.WundernTuete.de\/wp-json\/wp\/v2\/posts\/2650","targetHints":{"allow":["GET"]}}],"collection":[{"href":"https:\/\/www.WundernTuete.de\/wp-json\/wp\/v2\/posts"}],"about":[{"href":"https:\/\/www.WundernTuete.de\/wp-json\/wp\/v2\/types\/post"}],"author":[{"embeddable":true,"href":"https:\/\/www.WundernTuete.de\/wp-json\/wp\/v2\/users\/3"}],"replies":[{"embeddable":true,"href":"https:\/\/www.WundernTuete.de\/wp-json\/wp\/v2\/comments?post=2650"}],"version-history":[{"count":20,"href":"https:\/\/www.WundernTuete.de\/wp-json\/wp\/v2\/posts\/2650\/revisions"}],"predecessor-version":[{"id":2683,"href":"https:\/\/www.WundernTuete.de\/wp-json\/wp\/v2\/posts\/2650\/revisions\/2683"}],"wp:featuredmedia":[{"embeddable":true,"href":"https:\/\/www.WundernTuete.de\/wp-json\/wp\/v2\/media\/2660"}],"wp:attachment":[{"href":"https:\/\/www.WundernTuete.de\/wp-json\/wp\/v2\/media?parent=2650"}],"wp:term":[{"taxonomy":"category","embeddable":true,"href":"https:\/\/www.WundernTuete.de\/wp-json\/wp\/v2\/categories?post=2650"},{"taxonomy":"post_tag","embeddable":true,"href":"https:\/\/www.WundernTuete.de\/wp-json\/wp\/v2\/tags?post=2650"}],"curies":[{"name":"wp","href":"https:\/\/api.w.org\/{rel}","templated":true}]}}